{"id":46440,"date":"2025-11-19T10:48:43","date_gmt":"2025-11-19T09:48:43","guid":{"rendered":"https:\/\/www.weinberger-holz.at\/?p=46440"},"modified":"2025-11-21T13:49:23","modified_gmt":"2025-11-21T12:49:23","slug":"modernizacion-y-vacaciones-de-empresa","status":"publish","type":"post","link":"https:\/\/www.weinberger-holz.at\/es\/modernizacion-y-vacaciones-de-empresa\/","title":{"rendered":"Modernizaci\u00f3n y vacaciones de empresa"},"content":{"rendered":"<div class=\"wpb-content-wrapper\"><p>[vc_row][vc_column][vc_column_text css=\u00bb\u00bb]<\/p>\n<h1><strong>El futuro necesita diversidad<\/strong><\/h1>\n<p><span style=\"color: #803026;\"><strong>M\u00e1s variedad de productos en dos fases<\/strong><\/span><br \/>\nLa Navidad est\u00e1 a la vuelta de la esquina y con ella vuelve nuestro tiempo de reposo por modernizaci\u00f3n.<br \/>\nEste a\u00f1o volvemos a invertir en nuestra sede de Reichenfels, donde llevaremos a cabo trabajos de modernizaci\u00f3n en dos fases.<\/p>\n<p><span style=\"color: #803026;\"><strong>Fase 1 \u2013 Vigas de madera laminada (BHS) de alerce, pino, abeto Douglas<\/strong><\/span><br \/>\nEn esta primera fase ampliamos la clasificaci\u00f3n de calidad de las lamas de madera en bruto.<br \/>\n<strong><br \/>\nSus ventajas:<\/strong><br \/>\nA partir de mediados de enero de 2026, le ofreceremos una variedad mucho mayor de calidades de vigas de madera laminada de producci\u00f3n propia (BHS) de alerce, pero tambi\u00e9n de pino, abeto Douglas y, por supuesto, abeto rojo:<\/p>\n<ul>\n<li>Anchuras: De 100 a 280 mm<\/li>\n<li>Alturas: 120 a 300 mm (en el segundo paso hasta 1 000 mm)<\/li>\n<\/ul>\n<p>Aunque nuestra f\u00e1brica de Reichenfels es la responsable de la producci\u00f3n de madera para la construcci\u00f3n DUO, durante la fase de transformaci\u00f3n y puesta en marcha se pueden suministrar numerosas dimensiones por medio de la planta de Abtenau.<\/p>\n<p><span style=\"color: #803026;\"><strong>Fase 2 \u2013 Ampliaci\u00f3n de la cartera de productos de madera de viga laminada (BSH) a partir de mayo de 2026<\/strong><\/span><br \/>\n<strong>Sus ventajas:<\/strong><br \/>\nPrevisiblemente, a partir de mayo de 2026 le suministraremos:<\/p>\n<ul>\n<li>Viga de madera laminada BSH: hasta 1 000 mm altura (en la planta de Abtenau hasta 1 400 mm)<\/li>\n<li>Viga de madera laminada (BSH) partida: hasta 880 mm de altura<\/li>\n<li>Viga de madera laminada (BSH) partida: Amplia variedad de anchuras (bajo pedido) de 40 a 100 mm, m\u00e1s all\u00e1 de los 60 mm habituales en el mercado<\/li>\n<\/ul>\n<p>Con esta modernizaci\u00f3n, invertimos en una mayor flexibilidad, una mayor diversidad y en un futuro sostenible para nuestros productos.<\/p>\n<p><span style=\"color: #803026;\"><strong>Horario de apertura en Navidad 2025<\/strong><\/span><\/p>\n<ul>\n<li>Vacaciones en las oficinas de Reichenfels: 24\/12\/25 \u2013 06\/01\/26<br \/>\nVacaciones en el centro de producci\u00f3n de Reichenfels: 06\/12\/25 \u2013 12\/01\/26<br \/>\nCarga en Reichenfels: hasta el 12\/12\/25, 12:00 h.<\/li>\n<li>Vacaciones en las oficinas de Abtenau: 24\/12\/25 \u2013 06\/01\/26<br \/>\nVacaciones en el centro de producci\u00f3n de Abtenau: 19\/12\/25 \u2013 06\/01\/26<br \/>\nCarga en Abtenau: hasta el 19\/12\/25, 12:00 h.<\/li>\n<\/ul>\n<p>Le agradecemos la buena colaboraci\u00f3n durante el a\u00f1o pasado y le deseamos una feliz Navidad y un pr\u00f3spero A\u00f1o Nuevo.[\/vc_column_text][\/vc_column][\/vc_row]<\/p>\n<\/div>","protected":false},"excerpt":{"rendered":"<p>[vc_row][vc_column][vc_column_text css=\u00bb\u00bb] El futuro necesita diversidad M\u00e1s variedad de productos en dos fases La Navidad est\u00e1 a la vuelta de la esquina y con ella vuelve nuestro tiempo de reposo por modernizaci\u00f3n. Este a\u00f1o volvemos a invertir en nuestra sede de Reichenfels, donde llevaremos a cabo trabajos de modernizaci\u00f3n en dos fases. Fase 1 \u2013<\/p>\n","protected":false},"author":4,"featured_media":46810,"comment_status":"closed","ping_status":"open","sticky":false,"template":"","format":"standard","meta":{"_acf_changed":false,"_relevanssi_hide_post":"","_relevanssi_hide_content":"","_relevanssi_pin_for_all":"","_relevanssi_pin_keywords":"","_relevanssi_unpin_keywords":"","_relevanssi_related_keywords":"","_relevanssi_related_include_ids":"","_relevanssi_related_exclude_ids":"","_relevanssi_related_no_append":"","_relevanssi_related_not_related":"","_relevanssi_related_posts":"","_relevanssi_noindex_reason":"","footnotes":""},"categories":[83],"tags":[],"class_list":["post-46440","post","type-post","status-publish","format-standard","has-post-thumbnail","hentry","category-sin-categorizar"],"acf":[],"_links":{"self":[{"href":"https:\/\/www.weinberger-holz.at\/es\/wp-json\/wp\/v2\/posts\/46440","targetHints":{"allow":["GET"]}}],"collection":[{"href":"https:\/\/www.weinberger-holz.at\/es\/wp-json\/wp\/v2\/posts"}],"about":[{"href":"https:\/\/www.weinberger-holz.at\/es\/wp-json\/wp\/v2\/types\/post"}],"author":[{"embeddable":true,"href":"https:\/\/www.weinberger-holz.at\/es\/wp-json\/wp\/v2\/users\/4"}],"replies":[{"embeddable":true,"href":"https:\/\/www.weinberger-holz.at\/es\/wp-json\/wp\/v2\/comments?post=46440"}],"version-history":[{"count":4,"href":"https:\/\/www.weinberger-holz.at\/es\/wp-json\/wp\/v2\/posts\/46440\/revisions"}],"predecessor-version":[{"id":46462,"href":"https:\/\/www.weinberger-holz.at\/es\/wp-json\/wp\/v2\/posts\/46440\/revisions\/46462"}],"wp:featuredmedia":[{"embeddable":true,"href":"https:\/\/www.weinberger-holz.at\/es\/wp-json\/wp\/v2\/media\/46810"}],"wp:attachment":[{"href":"https:\/\/www.weinberger-holz.at\/es\/wp-json\/wp\/v2\/media?parent=46440"}],"wp:term":[{"taxonomy":"category","embeddable":true,"href":"https:\/\/www.weinberger-holz.at\/es\/wp-json\/wp\/v2\/categories?post=46440"},{"taxonomy":"post_tag","embeddable":true,"href":"https:\/\/www.weinberger-holz.at\/es\/wp-json\/wp\/v2\/tags?post=46440"}],"curies":[{"name":"wp","href":"https:\/\/api.w.org\/{rel}","templated":true}]}}