{"id":48927,"date":"2026-04-30T16:33:49","date_gmt":"2026-04-30T14:33:49","guid":{"rendered":"https:\/\/www.weinberger-holz.at\/?p=48927"},"modified":"2026-04-30T16:33:49","modified_gmt":"2026-04-30T14:33:49","slug":"carrefour-international-du-bois-2026","status":"publish","type":"post","link":"https:\/\/www.weinberger-holz.at\/es\/carrefour-international-du-bois-2026\/","title":{"rendered":"Carrefour International du Bois 2026"},"content":{"rendered":"<div class=\"wpb-content-wrapper\"><p>[vc_row][vc_column][vc_column_text css=\u00bb\u00bb]La feria l\u00edder del sector maderero, \u00abCarrefour International du Bois\u00bb, tendr\u00e1 lugar del 2 al 4 de junio de 2026 en Nantes, Francia. <strong>Vis\u00edtenos en el pabell\u00f3n GP, \u200b\u200bstand D18.<\/strong><br \/>\n<a href=\"https:\/\/www.timbershow.com\/\" rel=\"noopener\">www.timbershow.com<\/a>[\/vc_column_text][\/vc_column][\/vc_row]<\/p>\n<\/div>","protected":false},"excerpt":{"rendered":"<p>[vc_row][vc_column][vc_column_text css=\u00bb\u00bb]La feria l\u00edder del sector maderero, \u00abCarrefour International du Bois\u00bb, tendr\u00e1 lugar del 2 al 4 de junio de 2026 en Nantes, Francia. Vis\u00edtenos en el pabell\u00f3n GP, \u200b\u200bstand D18. www.timbershow.com[\/vc_column_text][\/vc_column][\/vc_row]<\/p>\n","protected":false},"author":4,"featured_media":48913,"comment_status":"open","ping_status":"open","sticky":false,"template":"","format":"standard","meta":{"_acf_changed":false,"_relevanssi_hide_post":"","_relevanssi_hide_content":"","_relevanssi_pin_for_all":"","_relevanssi_pin_keywords":"","_relevanssi_unpin_keywords":"","_relevanssi_related_keywords":"","_relevanssi_related_include_ids":"","_relevanssi_related_exclude_ids":"","_relevanssi_related_no_append":"","_relevanssi_related_not_related":"","_relevanssi_related_posts":"","_relevanssi_noindex_reason":"","footnotes":""},"categories":[83],"tags":[],"class_list":["post-48927","post","type-post","status-publish","format-standard","has-post-thumbnail","hentry","category-sin-categorizar"],"acf":[],"_links":{"self":[{"href":"https:\/\/www.weinberger-holz.at\/es\/wp-json\/wp\/v2\/posts\/48927","targetHints":{"allow":["GET"]}}],"collection":[{"href":"https:\/\/www.weinberger-holz.at\/es\/wp-json\/wp\/v2\/posts"}],"about":[{"href":"https:\/\/www.weinberger-holz.at\/es\/wp-json\/wp\/v2\/types\/post"}],"author":[{"embeddable":true,"href":"https:\/\/www.weinberger-holz.at\/es\/wp-json\/wp\/v2\/users\/4"}],"replies":[{"embeddable":true,"href":"https:\/\/www.weinberger-holz.at\/es\/wp-json\/wp\/v2\/comments?post=48927"}],"version-history":[{"count":1,"href":"https:\/\/www.weinberger-holz.at\/es\/wp-json\/wp\/v2\/posts\/48927\/revisions"}],"predecessor-version":[{"id":48929,"href":"https:\/\/www.weinberger-holz.at\/es\/wp-json\/wp\/v2\/posts\/48927\/revisions\/48929"}],"wp:featuredmedia":[{"embeddable":true,"href":"https:\/\/www.weinberger-holz.at\/es\/wp-json\/wp\/v2\/media\/48913"}],"wp:attachment":[{"href":"https:\/\/www.weinberger-holz.at\/es\/wp-json\/wp\/v2\/media?parent=48927"}],"wp:term":[{"taxonomy":"category","embeddable":true,"href":"https:\/\/www.weinberger-holz.at\/es\/wp-json\/wp\/v2\/categories?post=48927"},{"taxonomy":"post_tag","embeddable":true,"href":"https:\/\/www.weinberger-holz.at\/es\/wp-json\/wp\/v2\/tags?post=48927"}],"curies":[{"name":"wp","href":"https:\/\/api.w.org\/{rel}","templated":true}]}}