{"id":19456,"date":"2016-04-02T00:00:04","date_gmt":"2016-04-01T22:00:04","guid":{"rendered":"https:\/\/www2.weinberger-holz.at\/wintergeschlaegertes-holz-das-ganze-jahr-und-zertifikat-fuer-100-oekostrom\/"},"modified":"2017-10-20T13:36:13","modified_gmt":"2017-10-20T11:36:13","slug":"wintergeschlaegertes-holz-das-ganze-jahr-und-zertifikat-fuer-100-oekostrom","status":"publish","type":"post","link":"https:\/\/www.weinberger-holz.at\/fr\/wintergeschlaegertes-holz-das-ganze-jahr-und-zertifikat-fuer-100-oekostrom\/","title":{"rendered":"Du bois abattu en hiver disponible toute l\u2019ann\u00e9e et un certificat d\u2019\u00e9lectricit\u00e9 100 % verte"},"content":{"rendered":"<p><strong><b>Bonnes nouvelles de chez Weinberger<\/b>:<\/strong> l\u2019ach\u00e8vement du nouvel entrep\u00f4t \u00e0 Abtenau accro\u00eet la disponibilit\u00e9 du bois abattu en hiver jusqu\u2019\u00e0 quasiment 365 jours par an. Par ailleurs, le fournisseur d\u2019\u00e9nergie Salzburg AG confirme que Weinberger utilise dans cet entrep\u00f4t exclusivement de l\u2019\u00e9lectricit\u00e9 verte.<\/p>\n<p><!--more-->L\u2019augmentation des capacit\u00e9s de stockage \u00e0 Abtenau permet d\u00e9sormais \u00e0 Weinberger de fournir quasiment \u00e0 longueur d\u2019ann\u00e9e du bois abattu en hiver d\u2019une excellente qualit\u00e9 constante. Ce bois r\u00e9colt\u00e9 hors s\u00e8ve convainc par ses propri\u00e9t\u00e9s sp\u00e9cifiques. Par exemple, il se r\u00e9tracte et travaille moins tout comme il r\u00e9siste mieux aux fissures et aux parasites.<\/p>\n<p><strong>De l\u2019\u00e9lectricit\u00e9 provenant \u00e0 100 % de sources d\u2019\u00e9nergie renouvelables<\/strong><\/p>\n<p>L\u2019obtention du certificat d\u2019\u00e9lectricit\u00e9 verte octroy\u00e9 par le fournisseur d\u2019\u00e9nergie Salzburg AG s\u2019inscrit dans la liste des succ\u00e8s obtenus par Weinberger pour sa strat\u00e9gie de durabilit\u00e9 pratiqu\u00e9e depuis des ann\u00e9es. Il atteste en effet que l\u2019entrep\u00f4t d\u2019Abtenau utilise exclusivement de l\u2019\u00e9lectricit\u00e9 qui provient \u00e0 100 % de sources d\u2019\u00e9nergie renouvelables.<\/p>\n","protected":false},"excerpt":{"rendered":"<p>Bonnes nouvelles de chez Weinberger: l\u2019ach\u00e8vement du nouvel entrep\u00f4t \u00e0 Abtenau accro\u00eet la disponibilit\u00e9 du bois abattu en hiver jusqu\u2019\u00e0 quasiment 365 jours par an. Par ailleurs, le fournisseur d\u2019\u00e9nergie Salzburg AG confirme que Weinberger utilise dans cet entrep\u00f4t exclusivement de l\u2019\u00e9lectricit\u00e9 verte.<\/p>\n","protected":false},"author":4,"featured_media":16130,"comment_status":"open","ping_status":"open","sticky":false,"template":"","format":"gallery","meta":{"_acf_changed":false,"_relevanssi_hide_post":"","_relevanssi_hide_content":"","_relevanssi_pin_for_all":"","_relevanssi_pin_keywords":"","_relevanssi_unpin_keywords":"","_relevanssi_related_keywords":"","_relevanssi_related_include_ids":"","_relevanssi_related_exclude_ids":"","_relevanssi_related_no_append":"","_relevanssi_related_not_related":"","_relevanssi_related_posts":"","_relevanssi_noindex_reason":"","footnotes":""},"categories":[3],"tags":[],"class_list":["post-19456","post","type-post","status-publish","format-gallery","has-post-thumbnail","hentry","category-non-classifiee","post_format-post-format-gallery"],"acf":[],"_links":{"self":[{"href":"https:\/\/www.weinberger-holz.at\/fr\/wp-json\/wp\/v2\/posts\/19456","targetHints":{"allow":["GET"]}}],"collection":[{"href":"https:\/\/www.weinberger-holz.at\/fr\/wp-json\/wp\/v2\/posts"}],"about":[{"href":"https:\/\/www.weinberger-holz.at\/fr\/wp-json\/wp\/v2\/types\/post"}],"author":[{"embeddable":true,"href":"https:\/\/www.weinberger-holz.at\/fr\/wp-json\/wp\/v2\/users\/4"}],"replies":[{"embeddable":true,"href":"https:\/\/www.weinberger-holz.at\/fr\/wp-json\/wp\/v2\/comments?post=19456"}],"version-history":[{"count":2,"href":"https:\/\/www.weinberger-holz.at\/fr\/wp-json\/wp\/v2\/posts\/19456\/revisions"}],"predecessor-version":[{"id":19458,"href":"https:\/\/www.weinberger-holz.at\/fr\/wp-json\/wp\/v2\/posts\/19456\/revisions\/19458"}],"wp:featuredmedia":[{"embeddable":true,"href":"https:\/\/www.weinberger-holz.at\/fr\/wp-json\/wp\/v2\/media\/16130"}],"wp:attachment":[{"href":"https:\/\/www.weinberger-holz.at\/fr\/wp-json\/wp\/v2\/media?parent=19456"}],"wp:term":[{"taxonomy":"category","embeddable":true,"href":"https:\/\/www.weinberger-holz.at\/fr\/wp-json\/wp\/v2\/categories?post=19456"},{"taxonomy":"post_tag","embeddable":true,"href":"https:\/\/www.weinberger-holz.at\/fr\/wp-json\/wp\/v2\/tags?post=19456"}],"curies":[{"name":"wp","href":"https:\/\/api.w.org\/{rel}","templated":true}]}}