{"id":28115,"date":"2019-03-12T14:31:54","date_gmt":"2019-03-12T13:31:54","guid":{"rendered":"https:\/\/www.weinberger-holz.at\/?p=28115"},"modified":"2019-03-12T14:31:54","modified_gmt":"2019-03-12T13:31:54","slug":"weinberger-parraine-aussi-en-2019-le-rallye-de-la-vallee-de-lavant","status":"publish","type":"post","link":"https:\/\/www.weinberger-holz.at\/fr\/weinberger-parraine-aussi-en-2019-le-rallye-de-la-vallee-de-lavant\/","title":{"rendered":"Weinberger parraine aussi en 2019 le Rallye de la Vall\u00e9e de Lavant"},"content":{"rendered":"<div class=\"wpb-content-wrapper\"><p>[vc_row][vc_column][vc_column_text]<strong>Lors de la 43e \u00e9dition du l\u00e9gendaire rallye de la Vall\u00e9e de Lavant dans le district de Wolfsberg (Carinthie\/Autriche), le \u00ab meilleur du bois \u00bb (ou Best of Holz) va une nouvelle fois \u00e0 la rencontre de la technique et de la vitesse. En effet, pour la deuxi\u00e8me fois d\u00e9j\u00e0, Weinberger est le principal sponsor de cette course qui compte pour le championnat autrichien.<\/strong><\/p>\n<p>Ce qui relie le rallye de la Vall\u00e9e de Lavant \u00e0 Weinberger c\u2019est le trait d\u2019union qu\u2019il repr\u00e9sente entre la technique et la nature.<\/p>\n<p><!--more--><\/p>\n<p>D\u2019une part des voitures qui filent \u00e0 vive allure \u00e0 travers champs et for\u00eats, d\u2019autre part des machines ultraperfectionn\u00e9es qui ennoblissent le mat\u00e9riau naturel qu\u2019est le bois. Par ailleurs, la famille Weinberger cultive depuis de nombreuses ann\u00e9es sa passion pour les moyens de locomotion \u00e0 forte puissance. En particulier Johann Josef Weinberger tout comme son fils Johann Alfred Weinberger partagent la m\u00eame passion pour le sport automobile qu\u2019ils pratiquent ou ont pratiqu\u00e9 eux-m\u00eames activement. Dans ce contexte, la poursuite du parrainage de cette l\u00e9gendaire course de championnat r\u00e9sulte \u00e9galement de la volont\u00e9 d\u2019offrir aux grands amateurs de sport automobile un spectacle exceptionnel et d\u2019admirer le talent ph\u00e9nom\u00e9nal des pilotes de rallye.<\/p>\n<p>La famille Weinberger souhaite beaucoup de succ\u00e8s \u00e0 tous les pilotes ainsi qu\u2019aux organisateurs, avant tout Horst Nadles, pr\u00e9sident de MSC Lavanttal![\/vc_column_text][\/vc_column][\/vc_row]<\/p>\n<\/div>","protected":false},"excerpt":{"rendered":"<p>[vc_row][vc_column][vc_column_text]Lors de la 43e \u00e9dition du l\u00e9gendaire rallye de la Vall\u00e9e de Lavant dans le district de Wolfsberg (Carinthie\/Autriche), le \u00ab meilleur du bois \u00bb (ou Best of Holz) va une nouvelle fois \u00e0 la rencontre de la technique et de la vitesse. En effet, pour la deuxi\u00e8me fois d\u00e9j\u00e0, Weinberger est le principal sponsor<\/p>\n","protected":false},"author":4,"featured_media":28120,"comment_status":"open","ping_status":"open","sticky":false,"template":"","format":"gallery","meta":{"_acf_changed":false,"_relevanssi_hide_post":"","_relevanssi_hide_content":"","_relevanssi_pin_for_all":"","_relevanssi_pin_keywords":"","_relevanssi_unpin_keywords":"","_relevanssi_related_keywords":"","_relevanssi_related_include_ids":"","_relevanssi_related_exclude_ids":"","_relevanssi_related_no_append":"","_relevanssi_related_not_related":"","_relevanssi_related_posts":"","_relevanssi_noindex_reason":"","footnotes":""},"categories":[3],"tags":[],"class_list":["post-28115","post","type-post","status-publish","format-gallery","has-post-thumbnail","hentry","category-non-classifiee","post_format-post-format-gallery"],"acf":[],"_links":{"self":[{"href":"https:\/\/www.weinberger-holz.at\/fr\/wp-json\/wp\/v2\/posts\/28115","targetHints":{"allow":["GET"]}}],"collection":[{"href":"https:\/\/www.weinberger-holz.at\/fr\/wp-json\/wp\/v2\/posts"}],"about":[{"href":"https:\/\/www.weinberger-holz.at\/fr\/wp-json\/wp\/v2\/types\/post"}],"author":[{"embeddable":true,"href":"https:\/\/www.weinberger-holz.at\/fr\/wp-json\/wp\/v2\/users\/4"}],"replies":[{"embeddable":true,"href":"https:\/\/www.weinberger-holz.at\/fr\/wp-json\/wp\/v2\/comments?post=28115"}],"version-history":[{"count":3,"href":"https:\/\/www.weinberger-holz.at\/fr\/wp-json\/wp\/v2\/posts\/28115\/revisions"}],"predecessor-version":[{"id":28148,"href":"https:\/\/www.weinberger-holz.at\/fr\/wp-json\/wp\/v2\/posts\/28115\/revisions\/28148"}],"wp:featuredmedia":[{"embeddable":true,"href":"https:\/\/www.weinberger-holz.at\/fr\/wp-json\/wp\/v2\/media\/28120"}],"wp:attachment":[{"href":"https:\/\/www.weinberger-holz.at\/fr\/wp-json\/wp\/v2\/media?parent=28115"}],"wp:term":[{"taxonomy":"category","embeddable":true,"href":"https:\/\/www.weinberger-holz.at\/fr\/wp-json\/wp\/v2\/categories?post=28115"},{"taxonomy":"post_tag","embeddable":true,"href":"https:\/\/www.weinberger-holz.at\/fr\/wp-json\/wp\/v2\/tags?post=28115"}],"curies":[{"name":"wp","href":"https:\/\/api.w.org\/{rel}","templated":true}]}}