{"id":33633,"date":"2019-12-10T10:07:32","date_gmt":"2019-12-10T09:07:32","guid":{"rendered":"https:\/\/www.weinberger-holz.at\/?p=33633"},"modified":"2019-12-10T10:07:33","modified_gmt":"2019-12-10T09:07:33","slug":"fermeture-de-lentreprise-pendant-les-fetes-de-noel-2019","status":"publish","type":"post","link":"https:\/\/www.weinberger-holz.at\/fr\/fermeture-de-lentreprise-pendant-les-fetes-de-noel-2019\/","title":{"rendered":"Fermeture de l\u2019entreprise pendant les f\u00eates de No\u00ebl 2019"},"content":{"rendered":"<div class=\"wpb-content-wrapper\"><p>[vc_row][vc_column][vc_column_text]<strong>Nous vous demandons de tenir compte des heures d\u2019ouverture limit\u00e9es de nos sites pendant les jours f\u00e9ri\u00e9s:<\/strong><\/p>\n<p>Fermeture des bureaux de Reichenfels et Abtenau: du 23.12.19 au 06.01.20<br \/>\nFermeture du site de production \u00e0 Reichenfels et Abtenau: du 23.12.19 au 13.01.20<br \/>\nChargement \u00e0 Reichenfels et Abtenau possible jusqu\u2019au 19.12.19 et \u00e0 partir du 09.01.20<\/p>\n<p>Nous vous souhaitons de belles f\u00eates de fin d\u2019ann\u00e9e et beaucoup de succ\u00e8s pour la nouvelle ann\u00e9e![\/vc_column_text][\/vc_column][\/vc_row]<\/p>\n<\/div>","protected":false},"excerpt":{"rendered":"<p>[vc_row][vc_column][vc_column_text]Nous vous demandons de tenir compte des heures d\u2019ouverture limit\u00e9es de nos sites pendant les jours f\u00e9ri\u00e9s: Fermeture des bureaux de Reichenfels et Abtenau: du 23.12.19 au 06.01.20 Fermeture du site de production \u00e0 Reichenfels et Abtenau: du 23.12.19 au 13.01.20 Chargement \u00e0 Reichenfels et Abtenau possible jusqu\u2019au 19.12.19 et \u00e0 partir du 09.01.20 Nous<\/p>\n","protected":false},"author":4,"featured_media":33625,"comment_status":"open","ping_status":"open","sticky":false,"template":"","format":"standard","meta":{"_acf_changed":false,"_relevanssi_hide_post":"","_relevanssi_hide_content":"","_relevanssi_pin_for_all":"","_relevanssi_pin_keywords":"","_relevanssi_unpin_keywords":"","_relevanssi_related_keywords":"","_relevanssi_related_include_ids":"","_relevanssi_related_exclude_ids":"","_relevanssi_related_no_append":"","_relevanssi_related_not_related":"","_relevanssi_related_posts":"","_relevanssi_noindex_reason":"","footnotes":""},"categories":[3],"tags":[],"class_list":["post-33633","post","type-post","status-publish","format-standard","has-post-thumbnail","hentry","category-non-classifiee"],"acf":[],"_links":{"self":[{"href":"https:\/\/www.weinberger-holz.at\/fr\/wp-json\/wp\/v2\/posts\/33633","targetHints":{"allow":["GET"]}}],"collection":[{"href":"https:\/\/www.weinberger-holz.at\/fr\/wp-json\/wp\/v2\/posts"}],"about":[{"href":"https:\/\/www.weinberger-holz.at\/fr\/wp-json\/wp\/v2\/types\/post"}],"author":[{"embeddable":true,"href":"https:\/\/www.weinberger-holz.at\/fr\/wp-json\/wp\/v2\/users\/4"}],"replies":[{"embeddable":true,"href":"https:\/\/www.weinberger-holz.at\/fr\/wp-json\/wp\/v2\/comments?post=33633"}],"version-history":[{"count":2,"href":"https:\/\/www.weinberger-holz.at\/fr\/wp-json\/wp\/v2\/posts\/33633\/revisions"}],"predecessor-version":[{"id":33640,"href":"https:\/\/www.weinberger-holz.at\/fr\/wp-json\/wp\/v2\/posts\/33633\/revisions\/33640"}],"wp:featuredmedia":[{"embeddable":true,"href":"https:\/\/www.weinberger-holz.at\/fr\/wp-json\/wp\/v2\/media\/33625"}],"wp:attachment":[{"href":"https:\/\/www.weinberger-holz.at\/fr\/wp-json\/wp\/v2\/media?parent=33633"}],"wp:term":[{"taxonomy":"category","embeddable":true,"href":"https:\/\/www.weinberger-holz.at\/fr\/wp-json\/wp\/v2\/categories?post=33633"},{"taxonomy":"post_tag","embeddable":true,"href":"https:\/\/www.weinberger-holz.at\/fr\/wp-json\/wp\/v2\/tags?post=33633"}],"curies":[{"name":"wp","href":"https:\/\/api.w.org\/{rel}","templated":true}]}}