{"id":37848,"date":"2022-10-28T09:52:17","date_gmt":"2022-10-28T07:52:17","guid":{"rendered":"https:\/\/www.weinberger-holz.at\/?p=37848"},"modified":"2022-11-09T14:23:12","modified_gmt":"2022-11-09T13:23:12","slug":"pour-cause-de-travaux-sur-la-ligne-de-production","status":"publish","type":"post","link":"https:\/\/www.weinberger-holz.at\/fr\/pour-cause-de-travaux-sur-la-ligne-de-production\/","title":{"rendered":"Pour cause de travaux sur la ligne de production"},"content":{"rendered":"<div class=\"wpb-content-wrapper\"><p>[vc_row][vc_column][vc_column_text css=\u00a0\u00bb.vc_custom_1668000141388{margin-bottom: 0px !important;padding-bottom: 10px !important;}\u00a0\u00bb]<strong>Pr\u00e9-commandez Bilam d\u00e8s maintenant!<\/strong><\/p>\n<p>Weinberger optimise son usine de Reichenfels. Avec une nouvelle presse d\u2019aboutage, un dispositif laser de mesure des longueurs, un entrep\u00f4t de 5 \u00e9tages et d\u2019autres innovations, nous passons aux \u00e9tapes suivantes de notre strat\u00e9gie efficace \u00able meilleur du bois\u00bb.<\/p>\n<p><strong>Pour cette raison, nous interromprons la production entre le 16 d\u00e9cembre 2022 et vraisemblablement fin janvier\/d\u00e9but f\u00e9vrier 2023 UNIQUEMENT \u00e0 Reichenfels.<\/strong><\/p>\n<p>Afin de vous \u00e9viter tout inconv\u00e9nient suite \u00e0 cette interruption de la production, nous vous recommandons de passer vos commandes \u00e0 temps. Tout particuli\u00e8rement si vous savez que vous aurez besoin de nos produits Bilam\/Trilam pendant cette p\u00e9riode. Nous vous conseillons \u00e9galement de commander d\u00e8s maintenant, si possible, les madriers chalets et les produits primolam et Bilam forte.<\/p>\n<p>Nous produisons \u00e0 l\u2019avance, stockons la marchandise dans nos entrep\u00f4ts, puis la livrons et facturons \u00e0 la date que vous souhaitez en janvier ou f\u00e9vrier 2023 \u2013 et donc pendant la phase d\u2019am\u00e9nagement de la production.<\/p>\n<p>Veuillez noter que la production de bois lamell\u00e9-coll\u00e9 dans notre usine d\u2019Abtenau n\u2019est pas affect\u00e9e par cet arr\u00eat de la production pas plus que la capacit\u00e9 de livraison.<\/p>\n<p>Nous vous remercions d\u00e8s \u00e0 pr\u00e9sent de passer vos commandes en temps voulu.<\/p>\n<div id=\"gtx-trans\" style=\"position: absolute; left: 1149px; top: 103px;\">\n<div class=\"gtx-trans-icon\"><\/div>\n<\/div>\n<p>[\/vc_column_text][\/vc_column][\/vc_row]<\/p>\n<\/div>","protected":false},"excerpt":{"rendered":"<p>[vc_row][vc_column][vc_column_text css=\u00a0\u00bb.vc_custom_1668000141388{margin-bottom: 0px !important;padding-bottom: 10px !important;}\u00a0\u00bb]Pr\u00e9-commandez Bilam d\u00e8s maintenant! Weinberger optimise son usine de Reichenfels. Avec une nouvelle presse d\u2019aboutage, un dispositif laser de mesure des longueurs, un entrep\u00f4t de 5 \u00e9tages et d\u2019autres innovations, nous passons aux \u00e9tapes suivantes de notre strat\u00e9gie efficace \u00able meilleur du bois\u00bb. Pour cette raison, nous interromprons la production<\/p>\n","protected":false},"author":4,"featured_media":37844,"comment_status":"open","ping_status":"open","sticky":false,"template":"","format":"image","meta":{"_acf_changed":false,"_relevanssi_hide_post":"","_relevanssi_hide_content":"","_relevanssi_pin_for_all":"","_relevanssi_pin_keywords":"","_relevanssi_unpin_keywords":"","_relevanssi_related_keywords":"","_relevanssi_related_include_ids":"","_relevanssi_related_exclude_ids":"","_relevanssi_related_no_append":"","_relevanssi_related_not_related":"","_relevanssi_related_posts":"","_relevanssi_noindex_reason":"","footnotes":""},"categories":[3],"tags":[],"class_list":["post-37848","post","type-post","status-publish","format-image","has-post-thumbnail","hentry","category-non-classifiee","post_format-post-format-image"],"acf":[],"_links":{"self":[{"href":"https:\/\/www.weinberger-holz.at\/fr\/wp-json\/wp\/v2\/posts\/37848","targetHints":{"allow":["GET"]}}],"collection":[{"href":"https:\/\/www.weinberger-holz.at\/fr\/wp-json\/wp\/v2\/posts"}],"about":[{"href":"https:\/\/www.weinberger-holz.at\/fr\/wp-json\/wp\/v2\/types\/post"}],"author":[{"embeddable":true,"href":"https:\/\/www.weinberger-holz.at\/fr\/wp-json\/wp\/v2\/users\/4"}],"replies":[{"embeddable":true,"href":"https:\/\/www.weinberger-holz.at\/fr\/wp-json\/wp\/v2\/comments?post=37848"}],"version-history":[{"count":4,"href":"https:\/\/www.weinberger-holz.at\/fr\/wp-json\/wp\/v2\/posts\/37848\/revisions"}],"predecessor-version":[{"id":37863,"href":"https:\/\/www.weinberger-holz.at\/fr\/wp-json\/wp\/v2\/posts\/37848\/revisions\/37863"}],"wp:featuredmedia":[{"embeddable":true,"href":"https:\/\/www.weinberger-holz.at\/fr\/wp-json\/wp\/v2\/media\/37844"}],"wp:attachment":[{"href":"https:\/\/www.weinberger-holz.at\/fr\/wp-json\/wp\/v2\/media?parent=37848"}],"wp:term":[{"taxonomy":"category","embeddable":true,"href":"https:\/\/www.weinberger-holz.at\/fr\/wp-json\/wp\/v2\/categories?post=37848"},{"taxonomy":"post_tag","embeddable":true,"href":"https:\/\/www.weinberger-holz.at\/fr\/wp-json\/wp\/v2\/tags?post=37848"}],"curies":[{"name":"wp","href":"https:\/\/api.w.org\/{rel}","templated":true}]}}