{"id":39373,"date":"2023-11-14T09:56:25","date_gmt":"2023-11-14T08:56:25","guid":{"rendered":"https:\/\/www.weinberger-holz.at\/company-holiday-during-the-2023-christmas-period\/"},"modified":"2023-11-14T10:08:07","modified_gmt":"2023-11-14T09:08:07","slug":"fermeture-de-lentreprise-pendant-les-fetes-de-noel-2023","status":"publish","type":"post","link":"https:\/\/www.weinberger-holz.at\/fr\/fermeture-de-lentreprise-pendant-les-fetes-de-noel-2023\/","title":{"rendered":"Fermeture de l\u2019entreprise pendant les f\u00eates de No\u00ebl 2023"},"content":{"rendered":"<div class=\"wpb-content-wrapper\"><p>[vc_row][vc_column][vc_column_text]<strong>Nous vous demandons de tenir compte des heures d\u2019ouverture limit\u00e9es de nos sites pendant les jours f\u00e9ri\u00e9s:<\/strong><\/p>\n<p>Fermeture des bureaux de Reichenfels et Abtenau: 23.12.23\u201307.01.24<\/p>\n<p>Fermeture du site de production \u00e0 Reichenfels et Abtenau: 22.12.23\u201307.01.24<br \/>\nChargement \u00e0 Reichenfels et Abtenau: possible jusqu\u2019au 21.12.23 12:00<\/p>\n<p>Nous vous souhaitons de belles f\u00eates de fin d\u2019ann\u00e9e et beaucoup de succ\u00e8s pour la nouvelle ann\u00e9e![\/vc_column_text][\/vc_column][\/vc_row]<\/p>\n<\/div>","protected":false},"excerpt":{"rendered":"<p>[vc_row][vc_column][vc_column_text]Nous vous demandons de tenir compte des heures d\u2019ouverture limit\u00e9es de nos sites pendant les jours f\u00e9ri\u00e9s: Fermeture des bureaux de Reichenfels et Abtenau: 23.12.23\u201307.01.24 Fermeture du site de production \u00e0 Reichenfels et Abtenau: 22.12.23\u201307.01.24 Chargement \u00e0 Reichenfels et Abtenau: possible jusqu\u2019au 21.12.23 12:00 Nous vous souhaitons de belles f\u00eates de fin d\u2019ann\u00e9e et beaucoup<\/p>\n","protected":false},"author":4,"featured_media":39361,"comment_status":"closed","ping_status":"open","sticky":false,"template":"","format":"standard","meta":{"_acf_changed":false,"_relevanssi_hide_post":"","_relevanssi_hide_content":"","_relevanssi_pin_for_all":"","_relevanssi_pin_keywords":"","_relevanssi_unpin_keywords":"","_relevanssi_related_keywords":"","_relevanssi_related_include_ids":"","_relevanssi_related_exclude_ids":"","_relevanssi_related_no_append":"","_relevanssi_related_not_related":"","_relevanssi_related_posts":"","_relevanssi_noindex_reason":"","footnotes":""},"categories":[3],"tags":[],"class_list":["post-39373","post","type-post","status-publish","format-standard","has-post-thumbnail","hentry","category-non-classifiee"],"acf":[],"_links":{"self":[{"href":"https:\/\/www.weinberger-holz.at\/fr\/wp-json\/wp\/v2\/posts\/39373","targetHints":{"allow":["GET"]}}],"collection":[{"href":"https:\/\/www.weinberger-holz.at\/fr\/wp-json\/wp\/v2\/posts"}],"about":[{"href":"https:\/\/www.weinberger-holz.at\/fr\/wp-json\/wp\/v2\/types\/post"}],"author":[{"embeddable":true,"href":"https:\/\/www.weinberger-holz.at\/fr\/wp-json\/wp\/v2\/users\/4"}],"replies":[{"embeddable":true,"href":"https:\/\/www.weinberger-holz.at\/fr\/wp-json\/wp\/v2\/comments?post=39373"}],"version-history":[{"count":1,"href":"https:\/\/www.weinberger-holz.at\/fr\/wp-json\/wp\/v2\/posts\/39373\/revisions"}],"predecessor-version":[{"id":39375,"href":"https:\/\/www.weinberger-holz.at\/fr\/wp-json\/wp\/v2\/posts\/39373\/revisions\/39375"}],"wp:featuredmedia":[{"embeddable":true,"href":"https:\/\/www.weinberger-holz.at\/fr\/wp-json\/wp\/v2\/media\/39361"}],"wp:attachment":[{"href":"https:\/\/www.weinberger-holz.at\/fr\/wp-json\/wp\/v2\/media?parent=39373"}],"wp:term":[{"taxonomy":"category","embeddable":true,"href":"https:\/\/www.weinberger-holz.at\/fr\/wp-json\/wp\/v2\/categories?post=39373"},{"taxonomy":"post_tag","embeddable":true,"href":"https:\/\/www.weinberger-holz.at\/fr\/wp-json\/wp\/v2\/tags?post=39373"}],"curies":[{"name":"wp","href":"https:\/\/api.w.org\/{rel}","templated":true}]}}