{"id":46327,"date":"2025-07-03T14:38:57","date_gmt":"2025-07-03T12:38:57","guid":{"rendered":"https:\/\/www.weinberger-holz.at\/?p=46327"},"modified":"2025-07-03T14:38:57","modified_gmt":"2025-07-03T12:38:57","slug":"un-nouveau-directeur-commercial-pour-weinberger","status":"publish","type":"post","link":"https:\/\/www.weinberger-holz.at\/fr\/un-nouveau-directeur-commercial-pour-weinberger\/","title":{"rendered":"Un nouveau directeur commercial pour Weinberger"},"content":{"rendered":"<div class=\"wpb-content-wrapper\"><p>[vc_row][vc_column][vc_column_text css=\u00a0\u00bb\u00a0\u00bb]<strong>Avec Wolfgang Thurner, l\u2019entreprise internationale sp\u00e9cialis\u00e9e dans le bois pose un jalon important pour l&rsquo;avenir en mati\u00e8re de personnel. Depuis le 1er juillet, cet ing\u00e9nieur industriel dipl\u00f4m\u00e9 de 42 ans est responsable de l\u2019ensemble des ventes et de la professionnalisation de la gestion de la relation client.<\/strong><\/p>\n<p>Monsieur Thurner succ\u00e8de \u00e0 Johann Josef Weinberger, qui se concentrera d\u00e9sormais sur des t\u00e2ches de conseil strat\u00e9gique au sein de l\u2019entreprise familiale. Johann Alfred Weinberger, directeur g\u00e9n\u00e9ral, pr\u00e9cise : \u00ab En tant que directeur commercial, Wolfgang Thurner continuera \u00e0 renforcer les relations avec nos clients afin que nous puissions r\u00e9pondre encore plus rapidement et de mani\u00e8re plus cibl\u00e9e \u00e0 leurs souhaits et \u00e0 leurs exigences. De plus, Monsieur Thurner prendra en charge les ventes en France. \u00bb<!--more--><\/p>\n<p>Pour mener \u00e0 bien ses missions exigeantes, ce natif de K\u00f6tschach-Mauthen peut s\u2019appuyer sur une longue exp\u00e9rience \u00e0 des postes de direction, tant dans l\u2019entreprise familiale Holz-Thurner que, plus tard, au niveau du groupe Mayr-Melnhof Holz et du groupe Ziegler. Wolfgang Thurner s\u2019est montr\u00e9 enthousiaste \u00e0 l\u2019id\u00e9e d\u2019assumer ses nouvelles fonctions d\u00e8s l&rsquo;annonce de sa nomination : \u00ab Le nom Weinberger \u00ab Best of Holz \u00bb m\u2019accompagne depuis le d\u00e9but de ma carri\u00e8re. Je suis donc extr\u00eamement heureux de faire d\u00e9sormais partie de cette entreprise hautement innovante. \u00bb[\/vc_column_text][\/vc_column][\/vc_row]<\/p>\n<\/div>","protected":false},"excerpt":{"rendered":"<p>[vc_row][vc_column][vc_column_text css=\u00a0\u00bb\u00a0\u00bb]Avec Wolfgang Thurner, l\u2019entreprise internationale sp\u00e9cialis\u00e9e dans le bois pose un jalon important pour l&rsquo;avenir en mati\u00e8re de personnel. Depuis le 1er juillet, cet ing\u00e9nieur industriel dipl\u00f4m\u00e9 de 42 ans est responsable de l\u2019ensemble des ventes et de la professionnalisation de la gestion de la relation client. Monsieur Thurner succ\u00e8de \u00e0 Johann Josef Weinberger,<\/p>\n","protected":false},"author":4,"featured_media":46321,"comment_status":"closed","ping_status":"open","sticky":false,"template":"","format":"standard","meta":{"_acf_changed":false,"_relevanssi_hide_post":"","_relevanssi_hide_content":"","_relevanssi_pin_for_all":"","_relevanssi_pin_keywords":"","_relevanssi_unpin_keywords":"","_relevanssi_related_keywords":"","_relevanssi_related_include_ids":"","_relevanssi_related_exclude_ids":"","_relevanssi_related_no_append":"","_relevanssi_related_not_related":"","_relevanssi_related_posts":"","_relevanssi_noindex_reason":"","footnotes":""},"categories":[3],"tags":[],"class_list":["post-46327","post","type-post","status-publish","format-standard","has-post-thumbnail","hentry","category-non-classifiee"],"acf":[],"_links":{"self":[{"href":"https:\/\/www.weinberger-holz.at\/fr\/wp-json\/wp\/v2\/posts\/46327","targetHints":{"allow":["GET"]}}],"collection":[{"href":"https:\/\/www.weinberger-holz.at\/fr\/wp-json\/wp\/v2\/posts"}],"about":[{"href":"https:\/\/www.weinberger-holz.at\/fr\/wp-json\/wp\/v2\/types\/post"}],"author":[{"embeddable":true,"href":"https:\/\/www.weinberger-holz.at\/fr\/wp-json\/wp\/v2\/users\/4"}],"replies":[{"embeddable":true,"href":"https:\/\/www.weinberger-holz.at\/fr\/wp-json\/wp\/v2\/comments?post=46327"}],"version-history":[{"count":3,"href":"https:\/\/www.weinberger-holz.at\/fr\/wp-json\/wp\/v2\/posts\/46327\/revisions"}],"predecessor-version":[{"id":46342,"href":"https:\/\/www.weinberger-holz.at\/fr\/wp-json\/wp\/v2\/posts\/46327\/revisions\/46342"}],"wp:featuredmedia":[{"embeddable":true,"href":"https:\/\/www.weinberger-holz.at\/fr\/wp-json\/wp\/v2\/media\/46321"}],"wp:attachment":[{"href":"https:\/\/www.weinberger-holz.at\/fr\/wp-json\/wp\/v2\/media?parent=46327"}],"wp:term":[{"taxonomy":"category","embeddable":true,"href":"https:\/\/www.weinberger-holz.at\/fr\/wp-json\/wp\/v2\/categories?post=46327"},{"taxonomy":"post_tag","embeddable":true,"href":"https:\/\/www.weinberger-holz.at\/fr\/wp-json\/wp\/v2\/tags?post=46327"}],"curies":[{"name":"wp","href":"https:\/\/api.w.org\/{rel}","templated":true}]}}