{"id":34102,"date":"2021-11-10T11:00:53","date_gmt":"2021-11-10T10:00:53","guid":{"rendered":"https:\/\/www.weinberger-holz.at\/?p=34102"},"modified":"2021-11-10T11:52:45","modified_gmt":"2021-11-10T10:52:45","slug":"interruzione-della-produzione-a-causa-di-lavori-di-conversione","status":"publish","type":"post","link":"https:\/\/www.weinberger-holz.at\/it\/interruzione-della-produzione-a-causa-di-lavori-di-conversione\/","title":{"rendered":"Interruzione della produzione a causa di lavori di conversione"},"content":{"rendered":"<div class=\"wpb-content-wrapper\"><p>[vc_row][vc_column][vc_column_text]<\/p>\n<p class=\"p1\">Da met\u00e0 dicembre 2021 a met\u00e0 gennaio 2022:<br \/>\n<b>Interruzione della produzione a causa di lavori di conversione<\/b><\/p>\n<p class=\"p4\">Come vostro partner per il \u201cMeglio del legno\u201d investiamo regolarmente nella qualit\u00e0 dei nostri prodotti e nelle capacit\u00e0 di produzione. Ora \u00e8 arrivato di nuovo il momento di investire nella nostra sede di Reichenfels.\u00a0Per implementare ulteriori innovazioni, installiamo una pressa per giunzioni a dito pi\u00f9 potente che include l\u2019applicazione della colla e allestiamo un magazzino a 5 piani. I nostri obiettivi:<\/p>\n<ul>\n<li class=\"p6\">Commissionamento ancora pi\u00f9 flessibile di tutti i nostri prodotti per poter produrre un numero ancora maggiore di lunghezze diverse secondo le esigenze del cliente.<\/li>\n<li class=\"p6\">Nella costruzione a Blockhaus nuove combinazioni e varianti costruttive con una maggiore diversit\u00e0 dimensionale.<\/li>\n<\/ul>\n<p class=\"p4\">Interromperemo la nostra produzione nella prima met\u00e0 di genanio per i necessari lavori di conversione.. Quindi il nostro consiglio:<\/p>\n<p class=\"p2\"><strong>Pianificate gli ordini in anticipo per gennaio!<\/strong><\/p>\n<p class=\"p4\">Per essere in grado di consegnare in base alle vostre richieste per gennaio 2022, vi chiediamo di ordinare in tempo utile. Produciamo per voi in anticipo e consegniamo nella data desiderata. Vi ringraziamo per la vostra comprensione e non vediamo l\u2019ora di essere un partner ancora pi\u00f9 forte per voi in termini di capacit\u00e0 di consegna, flessibilit\u00e0 e affidabilit\u00e0 in futuro.<\/p>\n<p>[\/vc_column_text][vc_column_text css=&#8221;.vc_custom_1636541419062{border-top-width: 1px !important;border-right-width: 1px !important;border-bottom-width: 1px !important;border-left-width: 1px !important;padding-top: 10px !important;padding-right: 10px !important;padding-bottom: 10px !important;padding-left: 10px !important;background-color: rgba(128,48,38,0.25) !important;*background-color: rgb(128,48,38) !important;border-left-color: #803026 !important;border-left-style: solid !important;border-right-color: #803026 !important;border-right-style: solid !important;border-top-color: #803026 !important;border-top-style: solid !important;border-bottom-color: #803026 !important;border-bottom-style: solid !important;}&#8221;]<\/p>\n<p class=\"p1\"><span class=\"s1\"><b>AGGIORNAMENTO<\/b><\/span><b>:<\/b> A causa dei massicci ritardi di consegna da parte di Siemens e SEW-Eurodrive, siamo costretti a <b>rinviare <\/b><span class=\"s2\"><b>parzialmente<\/b><\/span><b> la conversione da gennaio 2022 a gennaio 2023<\/b>. A causa di componenti elettronici mancanti, dobbiamo rimandare di un anno l\u2019installazione della nuova pressa per giunzioni a dito, l\u2019applicazione della colla e il magazzino a 5 piani. <b>Per i nostri clienti per travi per Blockhau<\/b>s, questo significa che purtroppo possiamo offrire \u201csolo\u201d due assortimenti per un altro anno.<span class=\"Apple-converted-space\"><br \/>\n<\/span>L\u2019introduzione del nuovo sistema informatico per la nuova preparazione del lavoro e il commissionamento rimane in atto. Tutte le integrazioni di software nella linea di produzione possono essere effettuate. <b>Per i nostri clienti di bilama<\/b>, l\u2019ampliamento delle opzioni di commissionamento rimane perci\u00f2 confermato a partire da febbraio 2022.<\/p>\n<p>[\/vc_column_text][\/vc_column][\/vc_row]<\/p>\n<\/div>","protected":false},"excerpt":{"rendered":"<p>[vc_row][vc_column][vc_column_text] Da met\u00e0 dicembre 2021 a met\u00e0 gennaio 2022: Interruzione della produzione a causa di lavori di conversione Come vostro partner per il \u201cMeglio del legno\u201d investiamo regolarmente nella qualit\u00e0 dei nostri prodotti e nelle capacit\u00e0 di produzione. Ora \u00e8 arrivato di nuovo il momento di investire nella nostra sede di Reichenfels.\u00a0Per implementare ulteriori innovazioni,<\/p>\n","protected":false},"author":4,"featured_media":24130,"comment_status":"open","ping_status":"open","sticky":false,"template":"","format":"standard","meta":{"_acf_changed":false,"_relevanssi_hide_post":"","_relevanssi_hide_content":"","_relevanssi_pin_for_all":"","_relevanssi_pin_keywords":"","_relevanssi_unpin_keywords":"","_relevanssi_related_keywords":"","_relevanssi_related_include_ids":"","_relevanssi_related_exclude_ids":"","_relevanssi_related_no_append":"","_relevanssi_related_not_related":"","_relevanssi_related_posts":"","_relevanssi_noindex_reason":"","footnotes":""},"categories":[4],"tags":[],"class_list":["post-34102","post","type-post","status-publish","format-standard","has-post-thumbnail","hentry","category-non-categorizzato"],"acf":[],"_links":{"self":[{"href":"https:\/\/www.weinberger-holz.at\/it\/wp-json\/wp\/v2\/posts\/34102","targetHints":{"allow":["GET"]}}],"collection":[{"href":"https:\/\/www.weinberger-holz.at\/it\/wp-json\/wp\/v2\/posts"}],"about":[{"href":"https:\/\/www.weinberger-holz.at\/it\/wp-json\/wp\/v2\/types\/post"}],"author":[{"embeddable":true,"href":"https:\/\/www.weinberger-holz.at\/it\/wp-json\/wp\/v2\/users\/4"}],"replies":[{"embeddable":true,"href":"https:\/\/www.weinberger-holz.at\/it\/wp-json\/wp\/v2\/comments?post=34102"}],"version-history":[{"count":4,"href":"https:\/\/www.weinberger-holz.at\/it\/wp-json\/wp\/v2\/posts\/34102\/revisions"}],"predecessor-version":[{"id":34118,"href":"https:\/\/www.weinberger-holz.at\/it\/wp-json\/wp\/v2\/posts\/34102\/revisions\/34118"}],"wp:featuredmedia":[{"embeddable":true,"href":"https:\/\/www.weinberger-holz.at\/it\/wp-json\/wp\/v2\/media\/24130"}],"wp:attachment":[{"href":"https:\/\/www.weinberger-holz.at\/it\/wp-json\/wp\/v2\/media?parent=34102"}],"wp:term":[{"taxonomy":"category","embeddable":true,"href":"https:\/\/www.weinberger-holz.at\/it\/wp-json\/wp\/v2\/categories?post=34102"},{"taxonomy":"post_tag","embeddable":true,"href":"https:\/\/www.weinberger-holz.at\/it\/wp-json\/wp\/v2\/tags?post=34102"}],"curies":[{"name":"wp","href":"https:\/\/api.w.org\/{rel}","templated":true}]}}